{"id":2001,"date":"2013-09-20T12:42:41","date_gmt":"2013-09-20T10:42:41","guid":{"rendered":"http:\/\/www.monicamontella.it\/wordpress\/?p=2001"},"modified":"2014-03-19T12:11:14","modified_gmt":"2014-03-19T11:11:14","slug":"le-risorse-per-raggiungere-obiettivi-concreti","status":"publish","type":"post","link":"https:\/\/www.monicamontella.it\/wordpress\/2013\/09\/20\/le-risorse-per-raggiungere-obiettivi-concreti\/","title":{"rendered":"Le risorse per raggiungere obiettivi concreti"},"content":{"rendered":"<p>Ormai anche la politica di bilancio \u00e8 svolta su autorizzazione della Commissione Europea. Questa per\u00f2 deve essere utilizzata al meglio per raggiungere obiettivi pi\u00f9 ambiziosi:<img loading=\"lazy\" decoding=\"async\" class=\"rg_hi uh_hi alignright\" id=\"rg_hi\" style=\"width: 275px; height: 183px;\" alt=\"\" src=\"https:\/\/encrypted-tbn3.gstatic.com\/images?q=tbn:ANd9GcR20GX63U6uMLn_JL2Y_scdG1GxRnE_ukb9kdU7f-iesfQ567OV\" width=\"275\" height=\"183\" data-height=\"183\" data-width=\"275\" \/><\/p>\n<ul>\n<li>per la crescita del PIL<\/li>\n<li>per la riduzione degli squilibri territoriali e settoriali<\/li>\n<li>per la redistribuzione del reddito<\/li>\n<li>per l\u2019equilibrio dei conti con l\u2019estero<\/li>\n<li>per\u00a0 interventi specifici e mirati su spese ed entrate pubbliche.<\/li>\n<\/ul>\n<p><!--more--><\/p>\n<p>Esempi pratici di risparmio di risorse che si potrebbero utilizzare per raggiungere obiettivi concreti:<\/p>\n<ol>\n<li>No agli F35 con 53 miliardi di euro di risparmio.<\/li>\n<li>Ridimensionare le province (o gli enti locali).<\/li>\n<li>Tagliare i finanziamenti pubblici ai partiti e ai giornali.<\/li>\n<li>Eliminare ogni grande opera inutile come ad esempio\u00a0<b>la Tav<\/b>\u00a0in Val di Susa.<\/li>\n<li>Riportare gli stipendi e i benefit di ogni carica pubblica a prima della riforma della\u00a0<a href=\"http:\/\/www.camera.it\/cartellecomuni\/leg14\/RapportoAttivitaCommissioni\/testi\/01\/01_cap16_sch01.htm\" target=\"_blank\"><span style=\"color: #0000ff;\">legge bassanini,<\/span>\u00a0<\/a>che ha introdotto l&#8217;atto bilaterale di natura privatistica, facendo lievitare in maniera consistente gli stipendi della dirigenza della PA a parit\u00e0 di incarichi e competenze richieste. Il compenso di un manager pubblico non deve superare lo stipendio del Presidente della Repubblica.<\/li>\n<li>Riqualificare anche gli edifici pubblici: <strong><span style=\"color: #0000ff;\"><a href=\"http:\/\/www.expoclima.net\/focus\/leggi\/detrazioni_65__ristrutturazioni_ape_ed_edifici_a_energia_quasi_zero_normative.htm\" target=\"_blank\"><span style=\"color: #0000ff;\">1\/1 2014 \u201cEdifici a\u00a0Energia\u00a0Quasi Zero\u201d.<\/span><\/a><\/span><\/strong><\/li>\n<li>Investimento mirato in settori chiave come l&#8217;istruzione, la\u00a0<strong><span style=\"color: #0000ff;\"><a href=\"http:\/\/www.monicamontella.it\/wordpress\/?p=451\" target=\"_blank\"><span style=\"color: #0000ff;\">sanit\u00e0<\/span><\/a>,<\/span><\/strong>\u00a0<a href=\"http:\/\/www.monicamontella.it\/wordpress\/?p=348\" target=\"_blank\"><strong><span style=\"color: #0000ff;\">l&#8217;ambient<\/span><span style=\"color: #0000ff;\">e<\/span><\/strong>,<strong><span style=\"color: #0000ff;\"> il turismo\/cultura, energia sostenibile<\/span><\/strong><\/a>, se li rendiamo efficienti e &#8220;<b><span style=\"color: #0000ff;\"><a href=\"http:\/\/www.monicamontella.it\/wordpress\/?p=358\"><span style=\"color: #0000ff;\">smart<\/span><\/a><\/span>&#8221; <\/b>il\u00a0risparmio \u00e8 garantito.<\/li>\n<li>Per aumentare la produttivit\u00e0 della forza lavoro della PA dobbiamo riallocare le competenze dando priorit\u00e0\u00a0 alle preferenze del personale. Una riorganizzazione della PA la rende pi\u00f9 efficiente e meno costosa. Ascoltiamo i suggerimenti dei lavoratori della PA.<\/li>\n<li>Cultura=creativit\u00e0=turismo: puntiamo su i giovani e la loro creativit\u00e0 perch\u00e9 possono innovare il vecchio sistema con il turismo 2.0. Puntiamo sulla trasversalit\u00e0 di questi settori. Utilizziamo i\u00a0<a href=\"http:\/\/www.monicamontella.it\/wordpress\/?p=1499\" target=\"_blank\"><strong>fondi europei<\/strong>\u00a0<\/a>per questi obiettivi.<\/li>\n<li>Taglio degli affitti pubblici, niente immobili in locazione per lo Stato recuperiamo subito quelli in propriet\u00e0 non utilizzati, basta con il continuo spreco di risorse pubbliche per pagare canoni d\u2019affitto.<\/li>\n<li><a href=\"http:\/\/www.monicamontella.it\/wordpress\/wp-content\/uploads\/2013\/09\/Doc_finale_5_giugno_2012.pdf\" target=\"_blank\"><strong><span style=\"color: #0000ff;\">Dal conto patrimoniale della Pubblica Amministrazione<\/span><\/strong>, <\/a>realizzato tra il 2003 e il 2005 dal Dipartimento del Tesoro, \u00e8 possibile evincere le potenzialit\u00e0 del patromonio pubblico. In particolare si pu\u00f2 fare riferimento al \u201cpatrimonio fruttifero\u201d, al quale appartengono beni che potenzialmente possono produrre reddito e che sono sostanzialmente crediti pubblici, partecipazioni in aziende, immobili e concessioni.\u00a0I circa 700 miliardi di patrimonio fruttifero della Pubblica amministrazione rendono, a valori 2005, lo 0,9 per cento, a fronte di un rendimento potenziale del 5,7 per cento. Esistono dunque ampi margini per aumentare la redditivit\u00e0 del patrimonio fruttifero.<\/li>\n<li><a href=\"http:\/\/www.monicamontella.it\/wordpress\/wp-content\/uploads\/2013\/09\/Doc_finale_5_giugno_2012.pdf\" target=\"_blank\"><strong><span style=\"color: #0000ff;\">Il patrimonio pubblico \u00e8 diviso in moltissime amministrazioni<\/span><\/strong>, <\/a>circa 9 mila, tra cui 22 amministrazioni centrali dello Stato, 20 regioni, 110 province, 8 mila comuni, 20 ASL, universit\u00e0, enti previdenziali, ed altri enti pubblici di vario genere. La propriet\u00e0 non \u00e8 dunque in mano ad un unico soggetto, o a pochi soggetti, e questo evidentemente rende il processo pi\u00f9 complesso. Mentre il debito \u00e8 quasi completamente concentrato a livello centrale, la gran parte del patrimonio &#8211; circa il 70 per cento \u2013 \u00e8 in mano agli enti territoriali locali. Bisogna intervenire a livello parlamentare: o per ridistribuire il debito pubblico tra gli enti territoriali o, al contrario, concentrando la propriet\u00e0 del patrimonio in un unico soggetto pubblico.<\/li>\n<li><a href=\"http:\/\/www.monicamontella.it\/wordpress\/wp-content\/uploads\/2013\/09\/Doc_finale_5_giugno_2012.pdf\" target=\"_blank\"><strong><span style=\"color: #0000ff;\">Il patrimonio \u00e8 molto parcellizzato<\/span><\/strong>; <\/a>i grandi comuni hanno circa 35 miliardi di<br \/>\neuro di immobili, i comuni medi 10 miliardi e i piccoli comuni detengono i restanti<br \/>\n182 miliardi.<\/li>\n<li><span style=\"color: #0000ff;\"><strong><a href=\"http:\/\/www.cnel.it\/application\/xmanager\/projects\/cnel\/attachments\/temi_evidenza\/files\/000\/000\/001\/Doc_finale_5_giugno_2012.pdf\" target=\"_blank\"><span style=\"color: #0000ff;\">Nel 2012 le societ\u00e0 degli Enti locali <\/span><\/a><\/strong><\/span>ammontavano a 5 mila societ\u00e0 partecipate dirette e 3 mila controllate. Recuperiamo questo spreco di risorse pubbliche. Il numero delle partecipazioni di terzo livello \u00e8 di pi\u00f9 di 100 mila, di cui circa la met\u00e0 sono societ\u00e0 che operano nei servizi pubblici locali. Si tratta di societ\u00e0 nate in questi ultimi 10-15 anni per svolgere ogni tipo di attivit\u00e0 e, molto spesso, per dare posti di lavoro e incarichi \u201cfittizi\u201d. I soli consigli di amministrazione di queste societ\u00e0 costano circa 2,5 miliardi di euro.<\/li>\n<li><strong><span style=\"color: #0000ff;\"><a href=\"http:\/\/www.monicamontella.it\/wordpress\/wp-content\/uploads\/2013\/09\/Doc_finale_5_giugno_2012.pdf\" target=\"_blank\"><span style=\"color: #0000ff;\">Il valore degli immobili disponibili degli Enti locali <\/span><\/a><\/span><\/strong>\u00e8 di circa 40-50 miliardi di euro. Si tratta di cifre considerevoli, e il momento \u00e8 certamente propizio poich\u00e9 gli Enti locali &#8211; con il Patto di Stabilit\u00e0 Interna sono fortemente incentivati a riordinare il proprio patrimonio vendendo o rendendo produttivi gli immobili che non utilizzano.<\/li>\n<li><strong><span style=\"color: #0000ff;\"><a href=\"http:\/\/www.monicamontella.it\/wordpress\/wp-content\/uploads\/2013\/09\/Doc_finale_5_giugno_2012.pdf\" target=\"_blank\"><span style=\"color: #0000ff;\">Con una gestione pi\u00f9 produttiva del demanio marittimo, demanio acque interne, demanio minerario<\/span><\/a><\/span><\/strong>\u00a0si potrebbero ottenere risorse fino a tre o quattro volte quelle attuali. Le concessioni potrebbero essere messe a gara, come stabilito dalla direttiva Bolkenstein. Ad esempio per le concessioni del demanio balneare, si stima una evasione di circa il 50%, che riguarda circa 22 mila stabilimenti.<\/li>\n<\/ol>\n","protected":false},"excerpt":{"rendered":"<p>Ormai anche la politica di bilancio \u00e8 svolta su autorizzazione della Commissione Europea. Questa per\u00f2 deve essere utilizzata al meglio per raggiungere obiettivi pi\u00f9 ambiziosi: per la crescita del PIL per la riduzione degli squilibri territoriali e settoriali per la redistribuzione del reddito per l\u2019equilibrio dei conti con l\u2019estero per\u00a0 interventi specifici e mirati su [&hellip;]<\/p>\n","protected":false},"author":2,"featured_media":0,"comment_status":"open","ping_status":"open","sticky":false,"template":"","format":"standard","meta":{"footnotes":""},"categories":[137],"tags":[208,214,212,211,210,216,213,209,215],"class_list":["post-2001","post","type-post","status-publish","format-standard","hentry","category-articoli-tematici-dinamici","tag-crescita-pil","tag-fondi-europei","tag-legge-bassanini","tag-no-f35","tag-no-tav","tag-patrimonio-pubblico","tag-risorse-smart","tag-spese-ed-entrate-pubbliche","tag-taglio-affitti-pubblici"],"_links":{"self":[{"href":"https:\/\/www.monicamontella.it\/wordpress\/wp-json\/wp\/v2\/posts\/2001","targetHints":{"allow":["GET"]}}],"collection":[{"href":"https:\/\/www.monicamontella.it\/wordpress\/wp-json\/wp\/v2\/posts"}],"about":[{"href":"https:\/\/www.monicamontella.it\/wordpress\/wp-json\/wp\/v2\/types\/post"}],"author":[{"embeddable":true,"href":"https:\/\/www.monicamontella.it\/wordpress\/wp-json\/wp\/v2\/users\/2"}],"replies":[{"embeddable":true,"href":"https:\/\/www.monicamontella.it\/wordpress\/wp-json\/wp\/v2\/comments?post=2001"}],"version-history":[{"count":0,"href":"https:\/\/www.monicamontella.it\/wordpress\/wp-json\/wp\/v2\/posts\/2001\/revisions"}],"wp:attachment":[{"href":"https:\/\/www.monicamontella.it\/wordpress\/wp-json\/wp\/v2\/media?parent=2001"}],"wp:term":[{"taxonomy":"category","embeddable":true,"href":"https:\/\/www.monicamontella.it\/wordpress\/wp-json\/wp\/v2\/categories?post=2001"},{"taxonomy":"post_tag","embeddable":true,"href":"https:\/\/www.monicamontella.it\/wordpress\/wp-json\/wp\/v2\/tags?post=2001"}],"curies":[{"name":"wp","href":"https:\/\/api.w.org\/{rel}","templated":true}]}}