{"id":13137,"date":"2020-12-02T12:18:49","date_gmt":"2020-12-02T11:18:49","guid":{"rendered":"https:\/\/www.monicamontella.it\/wordpress\/?p=13137"},"modified":"2022-04-03T21:22:37","modified_gmt":"2022-04-03T19:22:37","slug":"centri-di-raccolta-ama-carta-vince-carta-perde-in-municipio-viii","status":"publish","type":"post","link":"https:\/\/www.monicamontella.it\/wordpress\/2020\/12\/02\/centri-di-raccolta-ama-carta-vince-carta-perde-in-municipio-viii\/","title":{"rendered":"Centri di raccolta AMA. Carta vince carta perde in Municipio VIII"},"content":{"rendered":"\n<p>\u00a0<\/p>\n<ul>\n<li>LEGGI <span style=\"color: #ff0000;\"><strong><a style=\"color: #ff0000;\" href=\"https:\/\/www.monicamontella.it\/wordpress\/wp-content\/uploads\/2020\/12\/interrogazione-centri-di-raccolta-Montella-.pdf\">l&#8217;interrogazione sui CENTRI DI RACCOLTA AMA<\/a><\/strong><\/span><\/li>\n<li><span style=\"color: #ff0000;\"><strong><a style=\"color: #ff0000;\" href=\"https:\/\/www.monicamontella.it\/wordpress\/wp-content\/uploads\/2021\/01\/Tavolo-interdipartimentale-accesso-atti-Montella.pdf\">ACCESSO ATTI <\/a><\/strong><\/span><\/li>\n<li>COMMISSIONE ascolta il <strong><span style=\"color: #ff0000;\"><a style=\"color: #ff0000;\" href=\"https:\/\/webtvromacapitale.it\/portal\/watch\/commission\/188cb575-8fc1-4492-8fce-ffe117e80f54?fbclid=IwAR1-up4_3xwHv6ar_QjjuSU_sgmZ3C7JJHZuZStCagPAmIMKXnVUAaWU_cM\">video <\/a><\/span><\/strong>leggi il<strong><span style=\"color: #ff0000;\"><a style=\"color: #ff0000;\" href=\"https:\/\/www.comune.roma.it\/servizi2\/deliberazioniAttiWeb\/showPdfDoc?fun=deliberazioniAtti&amp;par1=Q1BW&amp;par2=NDExOA==\"> verbale<\/a><\/span><\/strong><\/li>\n<li>leggi <a href=\"https:\/\/www.monicamontella.it\/wordpress\/wp-content\/uploads\/2020\/12\/centri-di-raccolta-municipio-VIII.pdf\"><strong><span style=\"color: #0000ff;\">verbale<\/span><\/strong><\/a> del consiglio municipale del 22 dicembre 2020<\/li>\n<\/ul>\n<p>\u00a0<\/p>\n<p>Il 19 ottobre 2020, il giorno prima della votazione della <strong><span style=\"color: #ff0000;\"><a style=\"color: #ff0000;\" href=\"https:\/\/www.monicamontella.it\/wordpress\/wp-content\/uploads\/2020\/10\/Prop.n.-104-2019.pdf\">delibera di iniziativa popolare<\/a><\/span><\/strong> per la gestione del ciclo dei rifiuti urbani di Roma Capitale, in <a href=\"https:\/\/www.comune.roma.it\/servizi2\/deliberazioniAttiWeb\/showPdfDoc?fun=deliberazioniAtti&amp;par1=Q1BD&amp;par2=MzM1Nw==\"><strong><span style=\"color: #ff0000;\">commissione ambiente\u00a0 sui Centri di Raccolta A.M.A.<\/span><\/strong><\/a> ho denunciato pubblicamente l\u2019assenza totale di pianificazione di un centro di raccolta differenziata nel Municipio VIII di Roma Capitale. \u00a0<\/p>\n<p>Il <a href=\"https:\/\/www.monicamontella.it\/wordpress\/wp-content\/uploads\/2020\/10\/PEC-sollecito-pubblicazione-video-commissione-abiente.pdf\"><strong><span style=\"color: #ff0000;\">21 ottobre 2019<\/span><\/strong><\/a> ho denunciato la mancata pubblicazione del video da dove emergeva quanto denunciato ma che purtroppo ad oggi sulla omessa pubblicazione non ho ricevuto nessuna risposta.<\/p>\n<p><!--more--><\/p>\n<p>In detta commissione, di un mese fa, era emerso dalle dichiarazioni degli uffici che il municipio VIII nella delibera di Tronca non risultava pianificato nessun punto di centro di raccolta differenziata e ad oggi il municipio non aveva ancora individuato adeguate aree dove collocare un centro di raccolta dove conferire tra l&#8217;altro anche i rifiuti urbani pericolosi, inerti, ingombranti, RAEE, sfalci e potature etc.<\/p>\n<p>Nella <strong>Tabella 1<\/strong> \u2013 sono riportati gli attuali centri di raccolta esistenti e operativi dove si evince al numero 7 un centro di raccolta collocato nel pieno centro cittadino adiacente gli uffici ed esercizi commerciali in via del Campo Boario n\u00b0 58 di servizio per il municipio I con notevole impatto ambientale su tutta l\u2019area limitrofa.<\/p>\n<p><a href=\"https:\/\/www.monicamontella.it\/wordpress\/wp-content\/uploads\/2020\/12\/tabella-1-attuali-centri-di-raccolta.png\"><img loading=\"lazy\" decoding=\"async\" class=\"aligncenter size-full wp-image-13147\" src=\"https:\/\/www.monicamontella.it\/wordpress\/wp-content\/uploads\/2020\/12\/tabella-1-attuali-centri-di-raccolta.png\" alt=\"\" width=\"1009\" height=\"782\" srcset=\"https:\/\/www.monicamontella.it\/wordpress\/wp-content\/uploads\/2020\/12\/tabella-1-attuali-centri-di-raccolta.png 1009w, https:\/\/www.monicamontella.it\/wordpress\/wp-content\/uploads\/2020\/12\/tabella-1-attuali-centri-di-raccolta-300x233.png 300w, https:\/\/www.monicamontella.it\/wordpress\/wp-content\/uploads\/2020\/12\/tabella-1-attuali-centri-di-raccolta-768x595.png 768w, https:\/\/www.monicamontella.it\/wordpress\/wp-content\/uploads\/2020\/12\/tabella-1-attuali-centri-di-raccolta-624x484.png 624w\" sizes=\"auto, (max-width: 1009px) 100vw, 1009px\" \/><\/a>Per il raggiungimento degli obiettivi di raccolta differenziata era necessario quindi che ciascun municipio individuasse le aree pi\u00f9 idonee dove pianificare le strutture fisiche sul territorio a servizio dei cittadini per raggiungere un centro di raccolta per almeno uno ogni 50 mila abitanti (<em>fonte: ISPRA<\/em>), con particolare riferimento a quelle destinate ai Centri di Raccolta differenziata.<\/p>\n<p>L\u2019introduzione delle piattaforme di conferimento di materiale riciclabile utile al conseguimento di riduzioni tariffarie \u00e8 prevista dalla normativa tariffaria vigente. Lo standard si riferisce quindi alla dotazione minima e ottimale ad abitante (fonte ISPRA).<a href=\"https:\/\/www.monicamontella.it\/wordpress\/wp-content\/uploads\/2020\/12\/piattaforme-di-conferimento.png\"><img loading=\"lazy\" decoding=\"async\" class=\"aligncenter size-full wp-image-13148\" src=\"https:\/\/www.monicamontella.it\/wordpress\/wp-content\/uploads\/2020\/12\/piattaforme-di-conferimento.png\" alt=\"\" width=\"684\" height=\"259\" srcset=\"https:\/\/www.monicamontella.it\/wordpress\/wp-content\/uploads\/2020\/12\/piattaforme-di-conferimento.png 684w, https:\/\/www.monicamontella.it\/wordpress\/wp-content\/uploads\/2020\/12\/piattaforme-di-conferimento-300x114.png 300w, https:\/\/www.monicamontella.it\/wordpress\/wp-content\/uploads\/2020\/12\/piattaforme-di-conferimento-624x236.png 624w\" sizes=\"auto, (max-width: 684px) 100vw, 684px\" \/><\/a>Il municipio VIII con <strong><span style=\"color: #ff0000;\"><a style=\"color: #ff0000;\" href=\"https:\/\/www.monicamontella.it\/wordpress\/wp-content\/uploads\/2020\/12\/Nota-lettera-Ciaccheri.jpeg\">nota protocollo CM\/120550 del 13 novembre 2019<\/a><\/span><\/strong> aveva comunicato i siti proposti dall\u2019Amministrazione ritenuti non idonei quali l\u2019area di Viale del Tintoretto, l\u2019area di Via Giuseppe Grezar e l\u2019area di Via Antonio Malfante ma ritenuti invece idonei in alternativa l\u2019area di Piazza del lavoro e l\u2019area svincolo del tintoretto.<\/p>\n<p>Nella <strong><span style=\"color: #ff0000;\"><a style=\"color: #ff0000;\" href=\"https:\/\/www.comune.roma.it\/servizi2\/deliberazioniAttiWeb\/showPdfDoc?fun=deliberazioniAtti&amp;par1=Q1BD&amp;par2=MzQ4OA==\">commissione congiunta ambiente ed urbanistica del 23 novembre 2020<\/a><\/span><\/strong> \u00a0 che ha trattato la proposta di deliberazione (prot. n. RC\/29073\/2020): \u201c<em>Nuova individuazione di aree per la realizzazione di strutture logistiche di ama spa di supporto al servizio di gestione dei rifiuti urbani ad integrazione e parziale revoca della deliberazione del commissario straordinario con i poteri dell&#8217;assemblea capitolina <span style=\"color: #ff0000;\"><strong><a style=\"color: #ff0000;\" href=\"https:\/\/www.monicamontella.it\/wordpress\/wp-content\/uploads\/2020\/12\/Tronca-DKCDelibera-N-74-del-15.06.2016.pdf\">n. 74 del 15 giugno 2016<\/a> <\/strong><\/span>(Dec. G.C. n. 151 del 6 novembre 2020)<\/em>\u201d \u00e8 emerso dalla Tabella 2 che l\u2019area di Via Antonio Malfante riportata per il municipio VIII (ascolta <span style=\"color: #ff0000;\"><strong><a style=\"color: #ff0000;\" href=\"https:\/\/webtvromacapitale.it\/portal\/watch\/commission\/188cb575-8fc1-4492-8fce-ffe117e80f54?fbclid=IwAR1-up4_3xwHv6ar_QjjuSU_sgmZ3C7JJHZuZStCagPAmIMKXnVUAaWU_cM\">la diretta<\/a><\/strong><\/span>) \u00e8 quella\u00a0 selezionata dal municipio VIII ma che un anno prima lo stesso presidente Ciaccheri l\u2019aveva dichiarata area non idonea (non tecnicamente ma soltanto politicamente come dichiara l\u2019assessora ai Rifiuti e al Risanamento Ambientale Katia Ziantoni).<\/p>\n<p>Il Vice Direttore Generale &#8211; Area Tematica Servizi al Territorio &#8211; Dott. Botta<em>\u00a0nel suo intervento in commissione ha sottolineato che &#8220;la stesura definitiva conferma le 7 deliberazioni residue della delibera Tronca e ne aggiunge 19: il totale complessivo dei centri di raccolta di Roma Capitale diverrebbe dunque 40, portando il rapporto delle aree di raccolta per abitante a 1 a 70mila, quando oggi \u00e8 di 1 a 200mila. Il dato ottimale nella corretta organizzazione di un servizio moderno di raccolta dei rifiuti \u00e8 di almeno 1 centro ogni 50mila abitanti, quindi non siamo ancora arrivati all&#8217;optimum ma \u00e8 un bel balzo. Ora \u00e8 chiaro che il programma dovr\u00e0 essere realizzato e avr\u00e0 dei tempi di attuazione che andranno pianificati, anche perch\u00e8 Ama prevede di poterne costruire 4-5 l&#8217;anno&#8221;. <\/em><\/p>\n<p>I centri di raccolta, sottolinea Botta, <em>&#8220;non sono strutture moleste o nocive ma moderne, e quanto pi\u00f9 sono prossime ai cittadini quanto pi\u00f9 il servizio pu\u00f2 offrire in termini di raccolta ingombranti, differenziata e centri di riuso creativo nell&#8217;ottica di un&#8217;economia circolare e dell&#8217;opportunit\u00e0 di dotare l&#8217;azienda di sedi zonali o per la logistica.<\/em>\u201c<\/p>\n<p>L\u2019assessora ai Rifiuti Ziantoni ha dichiarato in commissione che a seguito di alcune interlocuzioni intercorse con il Presidente Ciaccheri \u201c<strong>non formalizzate<\/strong>\u201d il municipio avrebbe dato l\u2019ok all\u2019area di Via Antonio Malfante con l\u2019impegno (in compensazione alla scelta) da parte di AMA S.p.A. di prendersi in carico la gestione dell\u2019area a verde abbandonata. Sempre l\u2018assessora ha sottolineato che l&#8217;area di Montagnola, indicata sempre dall&#8217;VIII Municipio, non \u00e8 di propriet\u00e0 di AMA ma di un fondo e quindi non pu\u00f2 essere utilizzata come centro di raccolta almeno nel breve periodo va riprogettata totalmente e va prima ripresa in possesso da parte di Ama,\u00a0 e quindi serve almeno un anno di tempo ma si sarebbe impegnata a fare un calendario di raccolta straordinaria dedicata al Municipio VIII che non ha un centro di raccolta come si evince anche dal <a href=\"https:\/\/www.amaroma.it\/raccolta-differenziata\/4210-centri-di-raccolta.html\"><strong><span style=\"color: #ff0000;\">sito<\/span><\/strong><\/a> dell\u2019AMA (<strong><span style=\"color: #ff0000;\"><a style=\"color: #ff0000;\" href=\"https:\/\/www.monicamontella.it\/wordpress\/wp-content\/uploads\/2020\/12\/centri-di-raccolta-AMA-.png\">vedi tavola<\/a><\/span><\/strong>)\u00a0 e come avevo gi\u00e0 denunciato il 19 ottobre 2020 in commissione ambiente.<\/p>\n<p>In sostanza a seguito della delibera di giunta capitolina n\u00b047 del 20 marzo 2017 dove \u00e8 stato approvato il piano operativo per la riduzione e la gestione dei materiali post-consumo di Roma Capitale non si \u00e8 provveduto in 3 anni e mezzo a progettare e realizzare i nuovi centri di Raccolta in un\u2019area idonea per un isola ecologica nonostante il municipio abbia aree vicino al raccordo anulare sicuramente molto pi\u00f9 idonee di quella proposta dal Municipio in <b><i>extremis<\/i><\/b> e nonostante l\u2019assessora Montanari ha svolto di concerto con i municipi e AMA S.p.A. un\u2019attivit\u00e0 di ricognizione e verifica di conformit\u00e0 nei confronti dell\u2019accessibilit\u00e0, della mobilit\u00e0 esterna all\u2019area, della vicinanza alle abitazioni e della presenza di vincoli ambientali e\/o paesaggistici, delle aree inserite nella deliberazione n\u00b0 74 del 16 giugno 2016.<\/p>\n<p>Il Vice Direttore Generale &#8211; Area Tematica Servizi al Territorio &#8211; Dott. Botta ha dichiarato in commissione (ascolta <span style=\"color: #ff0000;\"><strong><a style=\"color: #ff0000;\" href=\"https:\/\/webtvromacapitale.it\/portal\/watch\/commission\/188cb575-8fc1-4492-8fce-ffe117e80f54?fbclid=IwAR1-up4_3xwHv6ar_QjjuSU_sgmZ3C7JJHZuZStCagPAmIMKXnVUAaWU_cM\">la diretta<\/a><\/strong><\/span>) che sono giunte al tavolo interdipartimentale 91 aree individuate di cui ne sono scaturite 37 aree selezionate dal Tavolo stesso (<strong>Tabella 6<\/strong>). Il tavolo tecnico ha iniziato la propria attivit\u00e0 a dicembre 2018 sebbene sia stato formalizzato il tutto con DD DG 27\/2019 del 7 ottobre 2019.<\/p>\n<p><a href=\"https:\/\/www.monicamontella.it\/wordpress\/wp-content\/uploads\/2020\/12\/tavola-6-37-siti.png\"><img loading=\"lazy\" decoding=\"async\" class=\"aligncenter size-large wp-image-13158\" src=\"https:\/\/www.monicamontella.it\/wordpress\/wp-content\/uploads\/2020\/12\/tavola-6-37-siti-797x1024.png\" alt=\"\" width=\"625\" height=\"803\" srcset=\"https:\/\/www.monicamontella.it\/wordpress\/wp-content\/uploads\/2020\/12\/tavola-6-37-siti-797x1024.png 797w, https:\/\/www.monicamontella.it\/wordpress\/wp-content\/uploads\/2020\/12\/tavola-6-37-siti-233x300.png 233w, https:\/\/www.monicamontella.it\/wordpress\/wp-content\/uploads\/2020\/12\/tavola-6-37-siti-768x987.png 768w, https:\/\/www.monicamontella.it\/wordpress\/wp-content\/uploads\/2020\/12\/tavola-6-37-siti-624x802.png 624w, https:\/\/www.monicamontella.it\/wordpress\/wp-content\/uploads\/2020\/12\/tavola-6-37-siti.png 961w\" sizes=\"auto, (max-width: 625px) 100vw, 625px\" \/><\/a>Il Dipartimento programmazione e attuazione urbanistica con la collaborazione di Risorse per Roma S.p.A. ha individuato un consistente numero di aree <strong>(91)<\/strong> prevalentemente destinate a Verde pubblico e servizi pubblici con la localizzazione e i relativi riferimenti catastali rappresentate ciascuna in apposite schede tecniche conservate in atti (<strong>Tabella 5<\/strong>). Ma perch\u00e8 se ci possono essere le aree per usi civici non sono state prese in considerazione? Possibile che in tutta Roma soltanto 91 aree sono state attenzionate?<a href=\"https:\/\/www.monicamontella.it\/wordpress\/wp-content\/uploads\/2020\/12\/tavola-5-parte-1.png\"><img loading=\"lazy\" decoding=\"async\" class=\"aligncenter size-large wp-image-13151\" src=\"https:\/\/www.monicamontella.it\/wordpress\/wp-content\/uploads\/2020\/12\/tavola-5-parte-1-729x1024.png\" alt=\"\" width=\"625\" height=\"878\" srcset=\"https:\/\/www.monicamontella.it\/wordpress\/wp-content\/uploads\/2020\/12\/tavola-5-parte-1-729x1024.png 729w, https:\/\/www.monicamontella.it\/wordpress\/wp-content\/uploads\/2020\/12\/tavola-5-parte-1-214x300.png 214w, https:\/\/www.monicamontella.it\/wordpress\/wp-content\/uploads\/2020\/12\/tavola-5-parte-1-768x1078.png 768w, https:\/\/www.monicamontella.it\/wordpress\/wp-content\/uploads\/2020\/12\/tavola-5-parte-1-1094x1536.png 1094w, https:\/\/www.monicamontella.it\/wordpress\/wp-content\/uploads\/2020\/12\/tavola-5-parte-1-624x876.png 624w, https:\/\/www.monicamontella.it\/wordpress\/wp-content\/uploads\/2020\/12\/tavola-5-parte-1.png 1272w\" sizes=\"auto, (max-width: 625px) 100vw, 625px\" \/><\/a><a href=\"https:\/\/www.monicamontella.it\/wordpress\/wp-content\/uploads\/2020\/12\/tavola-5-parte-2.png\"><img loading=\"lazy\" decoding=\"async\" class=\"aligncenter size-large wp-image-13152\" src=\"https:\/\/www.monicamontella.it\/wordpress\/wp-content\/uploads\/2020\/12\/tavola-5-parte-2-722x1024.png\" alt=\"\" width=\"625\" height=\"886\" srcset=\"https:\/\/www.monicamontella.it\/wordpress\/wp-content\/uploads\/2020\/12\/tavola-5-parte-2-722x1024.png 722w, https:\/\/www.monicamontella.it\/wordpress\/wp-content\/uploads\/2020\/12\/tavola-5-parte-2-211x300.png 211w, https:\/\/www.monicamontella.it\/wordpress\/wp-content\/uploads\/2020\/12\/tavola-5-parte-2-768x1089.png 768w, https:\/\/www.monicamontella.it\/wordpress\/wp-content\/uploads\/2020\/12\/tavola-5-parte-2-1083x1536.png 1083w, https:\/\/www.monicamontella.it\/wordpress\/wp-content\/uploads\/2020\/12\/tavola-5-parte-2-624x885.png 624w, https:\/\/www.monicamontella.it\/wordpress\/wp-content\/uploads\/2020\/12\/tavola-5-parte-2.png 1259w\" sizes=\"auto, (max-width: 625px) 100vw, 625px\" \/><\/a><a href=\"https:\/\/www.monicamontella.it\/wordpress\/wp-content\/uploads\/2020\/12\/tavola-5-parte-3.png\"><img loading=\"lazy\" decoding=\"async\" class=\"aligncenter size-large wp-image-13153\" src=\"https:\/\/www.monicamontella.it\/wordpress\/wp-content\/uploads\/2020\/12\/tavola-5-parte-3-796x1024.png\" alt=\"\" width=\"625\" height=\"804\" srcset=\"https:\/\/www.monicamontella.it\/wordpress\/wp-content\/uploads\/2020\/12\/tavola-5-parte-3-796x1024.png 796w, https:\/\/www.monicamontella.it\/wordpress\/wp-content\/uploads\/2020\/12\/tavola-5-parte-3-233x300.png 233w, https:\/\/www.monicamontella.it\/wordpress\/wp-content\/uploads\/2020\/12\/tavola-5-parte-3-768x988.png 768w, https:\/\/www.monicamontella.it\/wordpress\/wp-content\/uploads\/2020\/12\/tavola-5-parte-3-1194x1536.png 1194w, https:\/\/www.monicamontella.it\/wordpress\/wp-content\/uploads\/2020\/12\/tavola-5-parte-3-624x802.png 624w, https:\/\/www.monicamontella.it\/wordpress\/wp-content\/uploads\/2020\/12\/tavola-5-parte-3.png 1290w\" sizes=\"auto, (max-width: 625px) 100vw, 625px\" \/><\/a>Magari oltre a queste 91 area potrebbero esserci altre aree\u00a0 pi\u00f9 idonee alla collocazione di un centro di raccolta (ricordo che AMA S.p.A. ha proceduto alla selezione delle aree e non il dipartimento urbanistica di concerto con il dipartimento patrimonio).<\/p>\n<p>A tal fine per capire meglio ho presentato <strong><span style=\"color: #ff0000;\"><a style=\"color: #ff0000;\" href=\"https:\/\/www.monicamontella.it\/wordpress\/wp-content\/uploads\/2020\/11\/Tavolo-interdipartimentale-accesso-atti-Montella-1.pdf\">una nota di accesso agli atti<\/a><\/span><\/strong> per verificare quali sono le schede tecniche di queste 91 aree individuate e quali sono quelle di competenza del municipio VIII che non sono state selezionate e soprattutto quali corrispondenze sono intercorse tra i responsabili politici e la parte amministrativa del Comune e del municipio VIII per fare luce su questo problema concreto del territorio municipale, che se non risolto tempestivamente, non permetter\u00e0 mai di dare attuazione alla delibera dell&#8217;assessora Montanari per la riduzione e la gestione dei materiali post-consumo di Roma Capitale.<\/p>\n<p>Il 17 ottobre 2019 \u00e8 stato formalmente presentato ai rappresentanti dei municipi di Roma eventuali elementi motivati per scartare alcune aree proposte. La <strong>Tabella 7<\/strong> contiene le 21 aree per le quali i Municipi hanno espresso <strong>parere negativo<\/strong> rispetto alla loro utilizzabilit\u00e0. Rispetto alla lettera del Presidente Ciaccheri scompare dall\u2019elenco l\u2019area di Via Antonio Malfante. Quindi improvvisamente l&#8217;area \u00e8 diventata idonea.<a href=\"https:\/\/www.monicamontella.it\/wordpress\/wp-content\/uploads\/2020\/12\/tavola-7-aree-non-favorevoli.png\"><img loading=\"lazy\" decoding=\"async\" class=\"aligncenter size-full wp-image-13154\" src=\"https:\/\/www.monicamontella.it\/wordpress\/wp-content\/uploads\/2020\/12\/tavola-7-aree-non-favorevoli.png\" alt=\"\" width=\"946\" height=\"744\" srcset=\"https:\/\/www.monicamontella.it\/wordpress\/wp-content\/uploads\/2020\/12\/tavola-7-aree-non-favorevoli.png 946w, https:\/\/www.monicamontella.it\/wordpress\/wp-content\/uploads\/2020\/12\/tavola-7-aree-non-favorevoli-300x236.png 300w, https:\/\/www.monicamontella.it\/wordpress\/wp-content\/uploads\/2020\/12\/tavola-7-aree-non-favorevoli-768x604.png 768w, https:\/\/www.monicamontella.it\/wordpress\/wp-content\/uploads\/2020\/12\/tavola-7-aree-non-favorevoli-624x491.png 624w\" sizes=\"auto, (max-width: 946px) 100vw, 946px\" \/><\/a>Nella <strong>Tabella 8<\/strong> sono presenti le aree suggerite dai municipi e quindi compaiono per il Municipio VIII le due aree idonee secondo gli uffici del municipio VIII Piazza del lavoro e l\u2019area svincolo del tintoretto. <a href=\"https:\/\/www.monicamontella.it\/wordpress\/wp-content\/uploads\/2020\/12\/tavola-8-aree-idonee-.png\"><img loading=\"lazy\" decoding=\"async\" class=\"aligncenter size-full wp-image-13155\" src=\"https:\/\/www.monicamontella.it\/wordpress\/wp-content\/uploads\/2020\/12\/tavola-8-aree-idonee-.png\" alt=\"\" width=\"935\" height=\"409\" srcset=\"https:\/\/www.monicamontella.it\/wordpress\/wp-content\/uploads\/2020\/12\/tavola-8-aree-idonee-.png 935w, https:\/\/www.monicamontella.it\/wordpress\/wp-content\/uploads\/2020\/12\/tavola-8-aree-idonee--300x131.png 300w, https:\/\/www.monicamontella.it\/wordpress\/wp-content\/uploads\/2020\/12\/tavola-8-aree-idonee--768x336.png 768w, https:\/\/www.monicamontella.it\/wordpress\/wp-content\/uploads\/2020\/12\/tavola-8-aree-idonee--624x273.png 624w\" sizes=\"auto, (max-width: 935px) 100vw, 935px\" \/><\/a>Ma dopo ulteriori rilievi istruttori e verifiche di accessibilit\u00e0 e fattibilit\u00e0 svolte da AMA S.p.A.,\u00a0 per gli approfondimenti tecnici in materia di vincoli idrogeologici e archeologici, come emerge nella <strong>Tabella 9<\/strong>, hanno portato alla esclusione di 5 aree.<\/p>\n<p>Indovinate un p\u00f2?<\/p>\n<p>Nel municipio VIII Piazza del lavoro e l\u2019area svincolo del tintoretto sono state escluse. Ma resta l\u2019area di Via Antonio Malfante. Carta vince carta perde si direbbe!<\/p>\n<p><a href=\"https:\/\/www.monicamontella.it\/wordpress\/wp-content\/uploads\/2020\/12\/tavola-9-aree-non-idonee-secondo-AMA-.png\"><img loading=\"lazy\" decoding=\"async\" class=\"aligncenter size-full wp-image-13156\" src=\"https:\/\/www.monicamontella.it\/wordpress\/wp-content\/uploads\/2020\/12\/tavola-9-aree-non-idonee-secondo-AMA-.png\" alt=\"\" width=\"907\" height=\"255\" srcset=\"https:\/\/www.monicamontella.it\/wordpress\/wp-content\/uploads\/2020\/12\/tavola-9-aree-non-idonee-secondo-AMA-.png 907w, https:\/\/www.monicamontella.it\/wordpress\/wp-content\/uploads\/2020\/12\/tavola-9-aree-non-idonee-secondo-AMA--300x84.png 300w, https:\/\/www.monicamontella.it\/wordpress\/wp-content\/uploads\/2020\/12\/tavola-9-aree-non-idonee-secondo-AMA--768x216.png 768w, https:\/\/www.monicamontella.it\/wordpress\/wp-content\/uploads\/2020\/12\/tavola-9-aree-non-idonee-secondo-AMA--624x175.png 624w\" sizes=\"auto, (max-width: 907px) 100vw, 907px\" \/><\/a>Ho chiesto di pianificare una commissione dedicata congiunta ambiente -urbanistica nel municipio VIII per far emergere quanto denunciato sul tema e\u00a0 per dare contezza ai cittadini delle criticit\u00e0 emerse dalla scelta dell\u2019area verificando gli aspetti fisici dei luoghi, la loro dimensione, la piena accessibilit\u00e0 e il minore impatto possibile per gli insediamenti urbani circostanti. La scelta su Via Malfante fatta per il Municipio VIII non rispetta i criteri minimi del \u201cPiano operativo per la riduzione e la gestione dei materiali post-consumo di Roma Capitale\u201d.<\/p>\n<p>Ho presentato una <strong><span style=\"color: #ff0000;\"><a style=\"color: #ff0000;\" href=\"https:\/\/www.monicamontella.it\/wordpress\/wp-content\/uploads\/2020\/12\/interrogazione-centri-di-raccolta-Montella-.pdf\">interrogazione<\/a><\/span><\/strong> alla Sindaca per fare chiarezza su questa vicenda perch\u00e8 il Municipio VIII di Roma Capitale merita un centro di raccolta che sia conforme nei confronti dell\u2019accessibilit\u00e0, della mobilit\u00e0 esterna all\u2019area, della vicinanza alle abitazioni e della presenza di vincoli ambientali e\/o paesaggistici.<\/p>\n<p>Monica Montella<br \/><em>Consigliera Assemblea Capitolina di Roma Capitale<\/em><\/p>\n","protected":false},"excerpt":{"rendered":"<p>\u00a0 LEGGI l&#8217;interrogazione sui CENTRI DI RACCOLTA AMA ACCESSO ATTI COMMISSIONE ascolta il video leggi il verbale leggi verbale del consiglio municipale del 22 dicembre 2020 \u00a0 Il 19 ottobre 2020, il giorno prima della votazione della delibera di iniziativa popolare per la gestione del ciclo dei rifiuti urbani di Roma Capitale, in commissione ambiente\u00a0 [&hellip;]<\/p>\n","protected":false},"author":2,"featured_media":0,"comment_status":"open","ping_status":"open","sticky":false,"template":"","format":"standard","meta":{"footnotes":""},"categories":[563,495,296,467],"tags":[513,649],"class_list":["post-13137","post","type-post","status-publish","format-standard","hentry","category-approfondimenti-roma-capitale","category-comunicati-politici","category-politica","category-roma-capitale","tag-ama-s-p-a","tag-centri-di-raccolta-ama"],"_links":{"self":[{"href":"https:\/\/www.monicamontella.it\/wordpress\/wp-json\/wp\/v2\/posts\/13137","targetHints":{"allow":["GET"]}}],"collection":[{"href":"https:\/\/www.monicamontella.it\/wordpress\/wp-json\/wp\/v2\/posts"}],"about":[{"href":"https:\/\/www.monicamontella.it\/wordpress\/wp-json\/wp\/v2\/types\/post"}],"author":[{"embeddable":true,"href":"https:\/\/www.monicamontella.it\/wordpress\/wp-json\/wp\/v2\/users\/2"}],"replies":[{"embeddable":true,"href":"https:\/\/www.monicamontella.it\/wordpress\/wp-json\/wp\/v2\/comments?post=13137"}],"version-history":[{"count":40,"href":"https:\/\/www.monicamontella.it\/wordpress\/wp-json\/wp\/v2\/posts\/13137\/revisions"}],"predecessor-version":[{"id":19225,"href":"https:\/\/www.monicamontella.it\/wordpress\/wp-json\/wp\/v2\/posts\/13137\/revisions\/19225"}],"wp:attachment":[{"href":"https:\/\/www.monicamontella.it\/wordpress\/wp-json\/wp\/v2\/media?parent=13137"}],"wp:term":[{"taxonomy":"category","embeddable":true,"href":"https:\/\/www.monicamontella.it\/wordpress\/wp-json\/wp\/v2\/categories?post=13137"},{"taxonomy":"post_tag","embeddable":true,"href":"https:\/\/www.monicamontella.it\/wordpress\/wp-json\/wp\/v2\/tags?post=13137"}],"curies":[{"name":"wp","href":"https:\/\/api.w.org\/{rel}","templated":true}]}}